{"id":10928,"date":"2026-08-16T16:57:20","date_gmt":"2026-08-16T14:57:20","guid":{"rendered":"http:\/\/parafiaharklowa.com\/?p=10928"},"modified":"2026-08-29T17:29:50","modified_gmt":"2026-08-29T15:29:50","slug":"ogloszenia-parafialne-16-08-2026r","status":"publish","type":"post","link":"https:\/\/parafiaharklowa.com\/?p=10928","title":{"rendered":"Og\u0142oszenia \u00a0parafialne \u2013 16.08.2026r."},"content":{"rendered":"\t\t<div data-elementor-type=\"wp-post\" data-elementor-id=\"10928\" class=\"elementor elementor-10928\">\n\t\t\t\t\t\t<section class=\"elementor-section elementor-top-section elementor-element elementor-element-4d03b23 elementor-section-boxed elementor-section-height-default elementor-section-height-default\" data-id=\"4d03b23\" data-element_type=\"section\" data-e-type=\"section\">\n\t\t\t\t\t\t<div class=\"elementor-container elementor-column-gap-default\">\n\t\t\t\t\t<div class=\"elementor-column elementor-col-100 elementor-top-column elementor-element elementor-element-17f1f40\" data-id=\"17f1f40\" data-element_type=\"column\" data-e-type=\"column\">\n\t\t\t<div class=\"elementor-widget-wrap elementor-element-populated\">\n\t\t\t\t\t\t<div class=\"elementor-element elementor-element-a4b0646 elementor-widget elementor-widget-text-editor\" data-id=\"a4b0646\" data-element_type=\"widget\" data-e-type=\"widget\" data-widget_type=\"text-editor.default\">\n\t\t\t\t<div class=\"elementor-widget-container\">\n\t\t\t\t\t\t\t\t\t<p>1. <em><strong><span style=\"color: #ff0000;\">Prze\u017cywamy dzi\u015b 20 Niedziel\u0119 Zwyk\u0142\u0105.<\/span><\/strong><\/em> Msze \u015bwi\u0119te b\u0119d\u0105 odprawiane: w Harklowej: o godz. 08:00, 11:30, 16:00, w Szlembarku o godz. 10:00.<\/p><p>2. <em><strong><span style=\"color: #ff0000;\">W kalendarzu liturgicznym<\/span> <\/strong><\/em>w tym tygodniu obchodzimy:<br \/>&#8211; <em><strong><span style=\"color: #ff0000;\">w poniedzia\u0142ek (17 sierpnia)<\/span><\/strong><\/em> \u2013 \u015bwi\u0119to \u015bw. Jacka, kap\u0142ana, patrona Archidiecezji Krakowskiej;<br \/>&#8211; <em><strong><span style=\"color: #ff0000;\">w czwartek (20 sierpnia)<\/span><\/strong><\/em> \u2013 wspomnienie \u015bw. Bernarda, opata i doktora Ko\u015bcio\u0142a;<br \/>&#8211; <em><strong><span style=\"color: #ff0000;\">w pi\u0105tek (21 sierpnia)<\/span><\/strong><\/em> \u2013 wspomnienie \u015bw. Piusa X, papie\u017ca;<br \/>&#8211; <em><strong><span style=\"color: #ff0000;\">w sobot\u0119 (22 sierpnia)<\/span><\/strong><\/em> \u2013 wspomnienie NMP Kr\u00f3lowej;<\/p><p>3. <em><strong><span style=\"color: #ff0000;\">Modlitw\u0119 r\u00f3\u017ca\u0144cow\u0105<\/span> <\/strong><\/em>poprowadzi w przysz\u0142\u0105 niedziel\u0119 V R\u00f3\u017ca Kobiet z Knurowa.<\/p><p>4. <em><strong><span style=\"color: #ff0000;\">W sobot\u0119 22 sierpnia<\/span> <\/strong><\/em>odb\u0119dzie si\u0119 nabo\u017ce\u0144stwo ku czci \u015bw. Rity. O godz. 17:30 zostan\u0105 odczytane pro\u015bby i podzi\u0119kowania z\u0142o\u017cone przy relikwiach \u015bwi\u0119tej. Intencje mo\u017cna sk\u0142ada\u0107 do koszyczka znajduj\u0105cego si\u0119 przy o\u0142tarzu z relikwiami \u015bw. Rity. O godz. 18:00 b\u0119dzie odprawiona Msza \u015bwi\u0119ta w intencji z\u0142o\u017conych pr\u00f3\u015bb i podzi\u0119kowa\u0144. Po Mszy \u015awi\u0119tej po\u015bwi\u0119cenie r\u00f3\u017c oraz uca\u0142owanie relikwii. R\u00f3\u017ce b\u0119dzie mo\u017cna naby\u0107 przed wej\u015bciem do ko\u015bcio\u0142a.<\/p><p>5. <em><strong><span style=\"color: #ff0000;\">B\u00f3g zap\u0142a\u0107<\/span><\/strong><\/em> za ofiary z\u0142o\u017cone w poprzedni\u0105 niedziel\u0119 na cele inwestycyjne. Zebrali\u015bmy 6. 117. 50 z\u0142. i 20 dolar\u00f3w<\/p><p>6. <em><strong><span style=\"color: #ff0000;\">Serdeczne B\u00f3g zap\u0142a\u0107<\/span> <\/strong><\/em>mieszka\u0144com Harklowej z ul. Sosnowej 5 i z ul. B\u00f3r 11, 13, 23, 29 za trosk\u0119 o czysto\u015b\u0107 naszego ko\u015bcio\u0142a, posprz\u0105tanie placu wok\u00f3\u0142 \u015bwi\u0105tyni oraz z\u0142o\u017con\u0105 ofiar\u0119 na kwiaty.<\/p><p>7. <em><strong><span style=\"color: #ff0000;\">W przysz\u0142\u0105 niedziel\u0119<\/span><\/strong><\/em> po Mszach \u015bw. o godz. 08:00, 11:30 i 16:00, Ko\u0142o Gospody\u0144 Wiejskich z Knurowa zaprasza na kiermasz ciast. Doch\u00f3d ze sprzeda\u017cy w ca\u0142o\u015bci zostanie przeznaczony na leczenie chorego Frania Buraka. Bardzo prosimy o wsparcie i hojno\u015b\u0107.<\/p><p>8. <em><strong><span style=\"color: #ff0000;\">W najnowszym Go\u015bciu Niedzielnym<\/span> <\/strong><\/em>warto przeczyta\u0107 m.in. artyku\u0142: \u201eW niewoli B\u00f3g mnie zmieni\u0142\u201d, o historii syryjskiego biskupa, kt\u00f3ry prze\u017cy\u0142 niewol\u0119 u muzu\u0142ma\u0144skich d\u017cihadyst\u00f3w.<\/p><p>9. <em><strong><span style=\"color: #ff0000;\">Msze \u015bwi\u0119te w tym tygodniu<\/span> <\/strong><\/em>b\u0119d\u0105 odprawiane:<br \/><em><strong><span style=\"color: #ff0000;\">w Harklowej:<\/span><\/strong><\/em><br \/>&#8211; <span style=\"color: #ff0000;\">w poniedzia\u0142ek, \u015brod\u0119, pi\u0105tek i sobot\u0119<\/span> \u2013 o godz. 07:00 i 18:00,<br \/>&#8211; <span style=\"color: #ff0000;\">we wtorek i czwartek<\/span> \u2013 o godz. 06:30 i 07:00<br \/><em><strong><span style=\"color: #ff0000;\">w Szlembarku:<\/span><\/strong><\/em><br \/>&#8211; <span style=\"color: #ff0000;\">w niedziel\u0119<\/span> \u2013 o godz. 10:00<\/p>\t\t\t\t\t\t\t\t<\/div>\n\t\t\t\t<\/div>\n\t\t\t\t\t<\/div>\n\t\t<\/div>\n\t\t\t\t\t<\/div>\n\t\t<\/section>\n\t\t\t\t<\/div>\n\t\t","protected":false},"excerpt":{"rendered":"<p>1. <em><strong><span style=\"color: #ff0000;\">Prze\u017cywamy dzi\u015b 20 Niedziel\u0119 Zwyk\u0142\u0105.<\/span><\/strong><\/em> Msze \u015bwi\u0119te b\u0119d\u0105 odprawiane: w Harklowej: o godz. 08:00, 11:30, 16:00, w Szlembarku o godz. 10:00.<\/p>\n<p>2. <em><strong><span style=\"color: #ff0000;\">W kalendarzu liturgicznym<\/span> <\/strong><\/em>w tym tygodniu obchodzimy:<br \/>\n&#8211; <em><strong><span style=\"color: #ff0000;\">w poniedzia\u0142ek (17 sierpnia)<\/span><\/strong><\/em> \u2013 \u015bwi\u0119to \u015bw. Jacka, kap\u0142ana, patrona Archidiecezji Krakowskiej;<br \/>\n&#8211; <em><strong><span style=\"color: #ff0000;\">w czwartek (20 sierpnia)<\/span><\/strong><\/em> \u2013 wspomnienie \u015bw. Bernarda, opata i doktora Ko\u015bcio\u0142a;<br \/>\n&#8211; <em><strong><span style=\"color: #ff0000;\">w pi\u0105tek (21 sierpnia)<\/span><\/strong><\/em> \u2013 wspomnienie \u015bw. Piusa X, papie\u017ca;<br \/>\n&#8211; <em><strong><span style=\"color: #ff0000;\">w sobot\u0119 (22 sierpnia)<\/span><\/strong><\/em> \u2013 wspomnienie NMP Kr\u00f3lowej;<\/p>\n<p>3. <em><strong><span style=\"color: #ff0000;\">Modlitw\u0119 r\u00f3\u017ca\u0144cow\u0105<\/span> <\/strong><\/em>poprowadzi w przysz\u0142\u0105 niedziel\u0119 V R\u00f3\u017ca Kobiet z Knurowa.<\/p>\n<p>4. <em><strong><span style=\"color: #ff0000;\">W sobot\u0119 22 sierpnia<\/span> <\/strong><\/em>odb\u0119dzie si\u0119 nabo\u017ce\u0144stwo ku czci \u015bw. Rity. O godz. 17:30 zostan\u0105 odczytane pro\u015bby i podzi\u0119kowania z\u0142o\u017cone przy relikwiach \u015bwi\u0119tej. Intencje mo\u017cna sk\u0142ada\u0107 do koszyczka znajduj\u0105cego si\u0119 przy o\u0142tarzu z relikwiami \u015bw. Rity. O godz. 18:00 b\u0119dzie odprawiona Msza \u015bwi\u0119ta w intencji z\u0142o\u017conych pr\u00f3\u015bb i podzi\u0119kowa\u0144. Po Mszy \u015awi\u0119tej po\u015bwi\u0119cenie r\u00f3\u017c oraz uca\u0142owanie relikwii. R\u00f3\u017ce b\u0119dzie mo\u017cna naby\u0107 przed wej\u015bciem do ko\u015bcio\u0142a.<\/p>\n","protected":false},"author":1,"featured_media":0,"comment_status":"closed","ping_status":"closed","sticky":false,"template":"","format":"standard","meta":{"ngg_post_thumbnail":0,"footnotes":""},"categories":[7],"tags":[],"class_list":["post-10928","post","type-post","status-publish","format-standard","hentry","category-ogloszenia-parafialne"],"_links":{"self":[{"href":"https:\/\/parafiaharklowa.com\/index.php?rest_route=\/wp\/v2\/posts\/10928","targetHints":{"allow":["GET"]}}],"collection":[{"href":"https:\/\/parafiaharklowa.com\/index.php?rest_route=\/wp\/v2\/posts"}],"about":[{"href":"https:\/\/parafiaharklowa.com\/index.php?rest_route=\/wp\/v2\/types\/post"}],"author":[{"embeddable":true,"href":"https:\/\/parafiaharklowa.com\/index.php?rest_route=\/wp\/v2\/users\/1"}],"replies":[{"embeddable":true,"href":"https:\/\/parafiaharklowa.com\/index.php?rest_route=%2Fwp%2Fv2%2Fcomments&post=10928"}],"version-history":[{"count":5,"href":"https:\/\/parafiaharklowa.com\/index.php?rest_route=\/wp\/v2\/posts\/10928\/revisions"}],"predecessor-version":[{"id":10933,"href":"https:\/\/parafiaharklowa.com\/index.php?rest_route=\/wp\/v2\/posts\/10928\/revisions\/10933"}],"wp:attachment":[{"href":"https:\/\/parafiaharklowa.com\/index.php?rest_route=%2Fwp%2Fv2%2Fmedia&parent=10928"}],"wp:term":[{"taxonomy":"category","embeddable":true,"href":"https:\/\/parafiaharklowa.com\/index.php?rest_route=%2Fwp%2Fv2%2Fcategories&post=10928"},{"taxonomy":"post_tag","embeddable":true,"href":"https:\/\/parafiaharklowa.com\/index.php?rest_route=%2Fwp%2Fv2%2Ftags&post=10928"}],"curies":[{"name":"wp","href":"https:\/\/api.w.org\/{rel}","templated":true}]}}