{"id":10934,"date":"2026-08-23T17:10:24","date_gmt":"2026-08-23T15:10:24","guid":{"rendered":"http:\/\/parafiaharklowa.com\/?p=10934"},"modified":"2026-09-03T18:39:08","modified_gmt":"2026-09-03T16:39:08","slug":"intencje-mszalne-23-08-30-08-2026r","status":"publish","type":"post","link":"https:\/\/parafiaharklowa.com\/?p=10934","title":{"rendered":"Intencje mszalne \u00a023.08.\u201330.08.2026r."},"content":{"rendered":"\t\t<div data-elementor-type=\"wp-post\" data-elementor-id=\"10934\" class=\"elementor elementor-10934\">\n\t\t\t\t\t\t<section class=\"elementor-section elementor-top-section elementor-element elementor-element-32e1205 elementor-section-boxed elementor-section-height-default elementor-section-height-default\" data-id=\"32e1205\" data-element_type=\"section\" data-e-type=\"section\">\n\t\t\t\t\t\t<div class=\"elementor-container elementor-column-gap-default\">\n\t\t\t\t\t<div class=\"elementor-column elementor-col-100 elementor-top-column elementor-element elementor-element-041f9dd\" data-id=\"041f9dd\" data-element_type=\"column\" data-e-type=\"column\">\n\t\t\t<div class=\"elementor-widget-wrap elementor-element-populated\">\n\t\t\t\t\t\t<div class=\"elementor-element elementor-element-72ca5a7 elementor-widget elementor-widget-text-editor\" data-id=\"72ca5a7\" data-element_type=\"widget\" data-e-type=\"widget\" data-widget_type=\"text-editor.default\">\n\t\t\t\t<div class=\"elementor-widget-container\">\n\t\t\t\t\t\t\t\t\t<p><em><strong><span style=\"color: #ff0000;\">Niedziela \u2013 23. 08.<\/span><\/strong><\/em><br \/><em><strong><span style=\"color: #ff0000;\">08:00<\/span><\/strong><\/em> + Agnieszka Tomecka \u2013 38 r. \u015bm.<br \/><em><strong><span style=\"color: #ff0000;\">08:00<\/span><\/strong><\/em> + Marianna Chmielak \u2013 greg. 28<br \/><em><strong><span style=\"color: #ff0000;\">10:00<\/span><\/strong><\/em> \u2013 Msza \u015bw. dzi\u0119kczynna z pro\u015bb\u0105 o zdrowie, b\u0142ogos\u0142. Bo\u017ce, opiek\u0119 Matki Naj\u015bwi\u0119tszej i potrzebne \u0142aski w pewnej rodzinie ze Szlembarku, ich dzieci, wnuk\u00f3w i prawnuk\u00f3w (Szlembark)<br \/><em><strong><span style=\"color: #ff0000;\">11:30<\/span><\/strong><\/em> \u2013 W intencji parafian<br \/><em><strong><span style=\"color: #ff0000;\">11:30<\/span><\/strong><\/em> \u2013 Msza \u015bw. dzi\u0119kczynna z pro\u015bb\u0105 o zdrowie, b\u0142ogos\u0142. Bo\u017ce i potrzebne \u0142aski w dalszym \u017cyciu i rodzinie oraz opiek\u0119 Matki Bo\u017ce dla Janiny i Jana Guro\u015b z racji rocznicy \u015blubu<br \/><em><strong><span style=\"color: #ff0000;\">16:00<\/span><\/strong><\/em> + Barbara Buda \u2013 od c\u00f3rki Justyny z rodzin\u0105<\/p><p><em><strong><span style=\"color: #ff0000;\">Poniedzia\u0142ek \u2013 24. 08.<\/span><\/strong><\/em><br \/><em><strong><span style=\"color: #ff0000;\">07:00<\/span><\/strong><\/em> + Marianna Chmielak &#8211; greg. 29<br \/><em><strong><span style=\"color: #ff0000;\">18:00<\/span><\/strong><\/em> + Jan Ciso\u0144 \u2013 5 r. \u015bm., \u017cona Marianna<\/p><p><em><strong><span style=\"color: #ff0000;\">Wtorek \u2013 25. 08.<\/span><\/strong><\/em><br \/><em><strong><span style=\"color: #ff0000;\">06:30<\/span><\/strong><\/em> + Ludwik Jurkowski \u2013 45 r. \u015bm.<br \/><em><strong><span style=\"color: #ff0000;\">07:00<\/span><\/strong><\/em> + Marianna Chmielak &#8211; greg. 30 (zako\u0144czenie gregorianki)<\/p><p><em><strong><span style=\"color: #ff0000;\">\u015aroda \u2013 26. 08.<\/span><\/strong><\/em><br \/><em><strong><span style=\"color: #ff0000;\">07:00<\/span><\/strong><\/em> + Maria Kurpiel \u2013 od \u0141ukasza<br \/><em><strong><span style=\"color: #ff0000;\">18:00<\/span><\/strong><\/em> + Marianna i Antoni Chmielak<\/p><p><em><strong><span style=\"color: #ff0000;\">Czwartek \u2013 27. 08.<\/span><\/strong><\/em><br \/><em><strong><span style=\"color: #ff0000;\">06:30<\/span><\/strong><\/em> + Jan Wroc\u0142awiak \u2013 w r. \u015bm., \u017cona Anna<br \/><em><strong><span style=\"color: #ff0000;\">07:00<\/span><\/strong><\/em> + Alojzy Dziubek \u2013 1 r. \u015bm.<\/p><p><em><strong><span style=\"color: #ff0000;\">Pi\u0105tek &#8211; 28. 08.<\/span><\/strong><\/em><br \/><em><strong><span style=\"color: #ff0000;\">07:00<\/span><\/strong><\/em> + Marianna Jandura \u2013 od Zofii Potoczak<br \/><em><strong><span style=\"color: #ff0000;\">07:00<\/span><\/strong><\/em> + Stanis\u0142aw Chmielak \u2013 msza z ofiar pogrzebu<br \/><em><strong><span style=\"color: #ff0000;\">18:00<\/span> <\/strong><\/em>\u2013 O powr\u00f3t do zdrowie dla Roberta Stasika<\/p><p><em><strong><span style=\"color: #ff0000;\">Sobota \u2013 29. 08.<\/span><\/strong><\/em><br \/><em><strong><span style=\"color: #ff0000;\">07:00<\/span><\/strong><\/em> + Helena Waras i Kazimierz m\u0105\u017c \u2013 od Agaty i Krystyny<br \/><em><strong><span style=\"color: #ff0000;\">16:00<\/span> <\/strong><\/em>+ Stanis\u0142aw Chmielak \u2013 msza z ofiar pogrzebu (Knur\u00f3w)<br \/><em><strong><span style=\"color: #ff0000;\">18:00<\/span> <\/strong><\/em>+ Stefan \u0141ukasik \u2013 26 r. \u015bm., \u017cona Gra\u017cyna<\/p><p><em><strong><span style=\"color: #ff0000;\">Niedziela \u2013 30. 08.<\/span><\/strong><\/em><br \/><em><strong><span style=\"color: #ff0000;\">08:00<\/span><\/strong><\/em> + Ludwika Garlewicz \u2013 38 r. \u015bm., m\u0105\u017c J\u00f3zef<br \/><em><strong><span style=\"color: #ff0000;\">08:00<\/span><\/strong><\/em> + Barbara Buda \u2013 od Mateusza Knurowskiego<br \/><em><strong><span style=\"color: #ff0000;\">10:00<\/span><\/strong><\/em> \u2013 Msza \u015bw. dzi\u0119kczynna za \u0142aski z okazji 50 r. urodzin Wies\u0142awa Tokarczyka, z pro\u015bb\u0105 o zdrowie i opiek\u0119 Bo\u017c\u0105 na dalsze lata \u017cycia (Szlembark)<br \/><em><strong><span style=\"color: #ff0000;\">10:00<\/span><\/strong><\/em> \u2013 O zdrowie i b\u0142og. Bo\u017ce dla Gabrysi i Mateusza w 1 r. \u015blubu<br \/><em><strong><span style=\"color: #ff0000;\">10:00<\/span><\/strong><\/em> + Teresa Gro\u0144ska \u2013 19 r. \u015bm. i m\u0105\u017c Stanis\u0142aw \u2013 od dzieci<br \/><em><strong><span style=\"color: #ff0000;\">11:30<\/span><\/strong><\/em> \u2013 W intencji parafian<br \/><em><strong><span style=\"color: #ff0000;\">11:30<\/span><\/strong><\/em> + Jan Kowalczyk \u2013 15 r. \u015bm.<br \/><em><strong><span style=\"color: #ff0000;\">16:00<\/span><\/strong><\/em> + Jan Czyszczo\u0144 \u2013 2 r. \u015bm.<br \/><br \/><\/p>\t\t\t\t\t\t\t\t<\/div>\n\t\t\t\t<\/div>\n\t\t\t\t\t<\/div>\n\t\t<\/div>\n\t\t\t\t\t<\/div>\n\t\t<\/section>\n\t\t\t\t<\/div>\n\t\t","protected":false},"excerpt":{"rendered":"<p><em><strong><span style=\"color: #ff0000;\">Niedziela \u2013 23. 08.<\/span><\/strong><\/em><br \/>\n<em><strong><span style=\"color: #ff0000;\">08:00<\/span><\/strong><\/em> + Agnieszka Tomecka \u2013 38 r. \u015bm.<br \/>\n<em><strong><span style=\"color: #ff0000;\">08:00<\/span><\/strong><\/em> + Marianna Chmielak \u2013 greg. 28<br \/>\n<em><strong><span style=\"color: #ff0000;\">10:00<\/span><\/strong><\/em> \u2013 Msza \u015bw. dzi\u0119kczynna z pro\u015bb\u0105 o zdrowie, b\u0142ogos\u0142. Bo\u017ce, opiek\u0119 Matki Naj\u015bwi\u0119tszej i potrzebne \u0142aski w pewnej rodzinie ze Szlembarku, ich dzieci, wnuk\u00f3w i prawnuk\u00f3w (Szlembark)<br \/>\n<em><strong><span style=\"color: #ff0000;\">11:30<\/span><\/strong><\/em> \u2013 W intencji parafian<br \/>\n<em><strong><span style=\"color: #ff0000;\">11:30<\/span><\/strong><\/em> \u2013 Msza \u015bw. dzi\u0119kczynna z pro\u015bb\u0105 o zdrowie, b\u0142ogos\u0142. Bo\u017ce i potrzebne \u0142aski w dalszym \u017cyciu i rodzinie oraz opiek\u0119 Matki Bo\u017ce dla Janiny i Jana Guro\u015b z racji rocznicy \u015blubu<br \/>\n<em><strong><span style=\"color: #ff0000;\">16:00<\/span><\/strong><\/em> + Barbara Buda \u2013 od c\u00f3rki Justyny z rodzin\u0105<\/p>\n<p><em><strong><span style=\"color: #ff0000;\">Poniedzia\u0142ek \u2013 24. 08.<\/span><\/strong><\/em><br \/>\n<em><strong><span style=\"color: #ff0000;\">07:00<\/span><\/strong><\/em> + Marianna Chmielak &#8211; greg. 29<br \/>\n<em><strong><span style=\"color: #ff0000;\">18:00<\/span><\/strong><\/em> + Jan Ciso\u0144 \u2013 5 r. \u015bm., \u017cona Marianna<\/p>\n<p><em><strong><span style=\"color: #ff0000;\">Wtorek \u2013 25. 08.<\/span><\/strong><\/em><br \/>\n<em><strong><span style=\"color: #ff0000;\">06:30<\/span><\/strong><\/em> + Ludwik Jurkowski \u2013 45 r. \u015bm.<br \/>\n<em><strong><span style=\"color: #ff0000;\">07:00<\/span><\/strong><\/em> + Marianna Chmielak &#8211; greg. 30 (zako\u0144czenie gregorianki)<\/p>\n","protected":false},"author":1,"featured_media":0,"comment_status":"closed","ping_status":"closed","sticky":false,"template":"","format":"standard","meta":{"ngg_post_thumbnail":0,"footnotes":""},"categories":[8],"tags":[],"class_list":["post-10934","post","type-post","status-publish","format-standard","hentry","category-intencje-mszalne"],"_links":{"self":[{"href":"https:\/\/parafiaharklowa.com\/index.php?rest_route=\/wp\/v2\/posts\/10934","targetHints":{"allow":["GET"]}}],"collection":[{"href":"https:\/\/parafiaharklowa.com\/index.php?rest_route=\/wp\/v2\/posts"}],"about":[{"href":"https:\/\/parafiaharklowa.com\/index.php?rest_route=\/wp\/v2\/types\/post"}],"author":[{"embeddable":true,"href":"https:\/\/parafiaharklowa.com\/index.php?rest_route=\/wp\/v2\/users\/1"}],"replies":[{"embeddable":true,"href":"https:\/\/parafiaharklowa.com\/index.php?rest_route=%2Fwp%2Fv2%2Fcomments&post=10934"}],"version-history":[{"count":5,"href":"https:\/\/parafiaharklowa.com\/index.php?rest_route=\/wp\/v2\/posts\/10934\/revisions"}],"predecessor-version":[{"id":10940,"href":"https:\/\/parafiaharklowa.com\/index.php?rest_route=\/wp\/v2\/posts\/10934\/revisions\/10940"}],"wp:attachment":[{"href":"https:\/\/parafiaharklowa.com\/index.php?rest_route=%2Fwp%2Fv2%2Fmedia&parent=10934"}],"wp:term":[{"taxonomy":"category","embeddable":true,"href":"https:\/\/parafiaharklowa.com\/index.php?rest_route=%2Fwp%2Fv2%2Fcategories&post=10934"},{"taxonomy":"post_tag","embeddable":true,"href":"https:\/\/parafiaharklowa.com\/index.php?rest_route=%2Fwp%2Fv2%2Ftags&post=10934"}],"curies":[{"name":"wp","href":"https:\/\/api.w.org\/{rel}","templated":true}]}}