{"id":10941,"date":"2026-08-23T17:20:39","date_gmt":"2026-08-23T15:20:39","guid":{"rendered":"http:\/\/parafiaharklowa.com\/?p=10941"},"modified":"2026-09-03T18:39:12","modified_gmt":"2026-09-03T16:39:12","slug":"ogloszenia-parafialne-23-08-2026r","status":"publish","type":"post","link":"https:\/\/parafiaharklowa.com\/?p=10941","title":{"rendered":"Og\u0142oszenia \u00a0parafialne \u2013 23.08.2026r."},"content":{"rendered":"\t\t<div data-elementor-type=\"wp-post\" data-elementor-id=\"10941\" class=\"elementor elementor-10941\">\n\t\t\t\t\t\t<section class=\"elementor-section elementor-top-section elementor-element elementor-element-f97a91e elementor-section-boxed elementor-section-height-default elementor-section-height-default\" data-id=\"f97a91e\" data-element_type=\"section\" data-e-type=\"section\">\n\t\t\t\t\t\t<div class=\"elementor-container elementor-column-gap-default\">\n\t\t\t\t\t<div class=\"elementor-column elementor-col-100 elementor-top-column elementor-element elementor-element-1190852\" data-id=\"1190852\" data-element_type=\"column\" data-e-type=\"column\">\n\t\t\t<div class=\"elementor-widget-wrap elementor-element-populated\">\n\t\t\t\t\t\t<div class=\"elementor-element elementor-element-3a3e58c elementor-widget elementor-widget-text-editor\" data-id=\"3a3e58c\" data-element_type=\"widget\" data-e-type=\"widget\" data-widget_type=\"text-editor.default\">\n\t\t\t\t<div class=\"elementor-widget-container\">\n\t\t\t\t\t\t\t\t\t<p>1. <em><strong><span style=\"color: #ff0000;\">Prze\u017cywamy dzi\u015b 21 Niedziel\u0119 Zwyk\u0142\u0105<\/span><\/strong><\/em>. Msze \u015bwi\u0119te b\u0119d\u0105 odprawiane: w Harklowej: o godz. 08:00, 11:30, 16:00, w Szlembarku o godz. 10:00.<\/p><p>2. <em><strong><span style=\"color: #ff0000;\">W kalendarzu liturgicznym<\/span> <\/strong><\/em>w tym tygodniu obchodzimy:<br \/>&#8211; <span style=\"color: #ff0000;\">w poniedzia\u0142ek (24 sierpnia)<\/span> \u2013 \u015bwi\u0119to \u015bw. Bart\u0142omieja, aposto\u0142a;<br \/>&#8211; <span style=\"color: #ff0000;\">w \u015brod\u0119 (26 sierpnia)<\/span> \u2013 uroczysto\u015b\u0107 NMP Cz\u0119stochowskiej;<br \/>&#8211; <span style=\"color: #ff0000;\">w czwartek (27 sierpnia)<\/span> \u2013 wspomnienie \u015bw. Moniki;<br \/>&#8211; <span style=\"color: #ff0000;\">w pi\u0105tek (28 sierpnia)<\/span> \u2013 wspomnienie \u015bw. Augustyna, biskupa i doktora Ko\u015bcio\u0142a;<br \/>&#8211; <span style=\"color: #ff0000;\">w sobot\u0119 (29 sierpnia)<\/span> \u2013 wspomnienie m\u0119cze\u0144stwa \u015bw. Jana Chrzciciela;<\/p><p>3. <em><strong><span style=\"color: #ff0000;\">Modlitw\u0119 r\u00f3\u017ca\u0144cow\u0105<\/span><\/strong><\/em> poprowadzi w przysz\u0142\u0105 niedziel\u0119 I R\u00f3\u017ca Kobiet ze Szlembarku.<\/p><p>4. <em><strong><span style=\"color: #ff0000;\">W sobot\u0119 o godz. 16:00<\/span><\/strong><\/em> Msza \u015bw. w kaplicy w Knurowie.<\/p><p>5. <em><strong><span style=\"color: #ff0000;\">B\u00f3g zap\u0142a\u0107<\/span><\/strong><\/em> za trosk\u0119 o czysto\u015b\u0107 ko\u015bcio\u0142a, placu wok\u00f3\u0142 \u015bwi\u0105tyni oraz ofiar\u0119 na kwiaty mieszka\u0144com Harklowej z ul. Sosnowej 2, Zielonej 28 oraz B\u00f3r 9, 18, 25.<\/p><p>6. <em><strong><span style=\"color: #ff0000;\">Serdeczne B\u00f3g zap\u0142a\u0107<\/span> <\/strong><\/em>pewnej osobie z Harklowej za ufundowanie zielonego lektorium na ambonk\u0119.<\/p><p>7. <em><strong><span style=\"color: #ff0000;\">Uroczysto\u015b\u0107 Odpustowa<\/span><\/strong><\/em> w naszej parafii przypada w tym roku w niedziel\u0119 6 wrze\u015bnia. Suma odpustowa zostanie odprawiona o godz. 11:30.<\/p><p>8. <em><strong><span style=\"color: #ff0000;\">W dzisiejsz\u0105 niedziel\u0119<\/span> <\/strong><\/em>po Mszach \u015bw. o godz. 08:00, 11:30 i 16:00, Ko\u0142o Gospody\u0144 Wiejskich z Knurowa zaprasza na kiermasz ciast. Doch\u00f3d ze sprzeda\u017cy w ca\u0142o\u015bci zostanie przeznaczony na leczenie chorego Frania Buraka. Bardzo prosimy o wsparcie i hojno\u015b\u0107.<\/p><p>9. <em><strong><span style=\"color: #ff0000;\">W najnowszym Go\u015bciu Niedzielnym<\/span><\/strong><\/em> warto przeczyta\u0107 m.in. o tym, dlaczego m\u0142odzi ludzie nie chc\u0105 wychodzi\u0107 za m\u0105\u017c i \u017ceni\u0107 si\u0119. Obecnie 53 procent os\u00f3b w wieku 25-34 lat mieszka z rodzicami.<\/p><p>10. <em><strong><span style=\"color: #ff0000;\">Msze \u015bwi\u0119te<\/span><\/strong><\/em> w tym tygodniu b\u0119d\u0105 odprawiane:<br \/><em><strong><span style=\"color: #ff0000;\">w Harklowej:<\/span><\/strong><\/em><br \/>&#8211; <span style=\"color: #ff0000;\">w poniedzia\u0142ek, \u015brod\u0119, pi\u0105tek i sobot\u0119<\/span> \u2013 o godz. 07:00 i 18:00,<br \/>&#8211; <span style=\"color: #ff0000;\">we wtorek i czwartek<\/span> \u2013 o godz. 06:30 i 07:00<br \/><em><strong><span style=\"color: #ff0000;\">w Szlembarku:<\/span><\/strong><\/em><br \/>&#8211; <span style=\"color: #ff0000;\">w niedziel\u0119<\/span> \u2013 o godz. 10:00<\/p>\t\t\t\t\t\t\t\t<\/div>\n\t\t\t\t<\/div>\n\t\t\t\t\t<\/div>\n\t\t<\/div>\n\t\t\t\t\t<\/div>\n\t\t<\/section>\n\t\t\t\t<\/div>\n\t\t","protected":false},"excerpt":{"rendered":"<p>1. <em><strong><span style=\"color: #ff0000;\">Prze\u017cywamy dzi\u015b 21 Niedziel\u0119 Zwyk\u0142\u0105<\/span><\/strong><\/em>. Msze \u015bwi\u0119te b\u0119d\u0105 odprawiane: w Harklowej: o godz. 08:00, 11:30, 16:00, w Szlembarku o godz. 10:00.<\/p>\n<p>2. <em><strong><span style=\"color: #ff0000;\">W kalendarzu liturgicznym<\/span> <\/strong><\/em>w tym tygodniu obchodzimy:<br \/>\n&#8211; <span style=\"color: #ff0000;\">w poniedzia\u0142ek (24 sierpnia)<\/span> \u2013 \u015bwi\u0119to \u015bw. Bart\u0142omieja, aposto\u0142a;<br \/>\n&#8211; <span style=\"color: #ff0000;\">w \u015brod\u0119 (26 sierpnia)<\/span> \u2013 uroczysto\u015b\u0107 NMP Cz\u0119stochowskiej;<br \/>\n&#8211; <span style=\"color: #ff0000;\">w czwartek (27 sierpnia)<\/span> \u2013 wspomnienie \u015bw. Moniki;<br \/>\n&#8211; <span style=\"color: #ff0000;\">w pi\u0105tek (28 sierpnia)<\/span> \u2013 wspomnienie \u015bw. Augustyna, biskupa i doktora Ko\u015bcio\u0142a;<br \/>\n&#8211; <span style=\"color: #ff0000;\">w sobot\u0119 (29 sierpnia)<\/span> \u2013 wspomnienie m\u0119cze\u0144stwa \u015bw. Jana Chrzciciela;<\/p>\n<p>3. <em><strong><span style=\"color: #ff0000;\">Modlitw\u0119 r\u00f3\u017ca\u0144cow\u0105<\/span><\/strong><\/em> poprowadzi w przysz\u0142\u0105 niedziel\u0119 I R\u00f3\u017ca Kobiet ze Szlembarku.<\/p>\n","protected":false},"author":1,"featured_media":0,"comment_status":"closed","ping_status":"closed","sticky":false,"template":"","format":"standard","meta":{"ngg_post_thumbnail":0,"footnotes":""},"categories":[7],"tags":[],"class_list":["post-10941","post","type-post","status-publish","format-standard","hentry","category-ogloszenia-parafialne"],"_links":{"self":[{"href":"https:\/\/parafiaharklowa.com\/index.php?rest_route=\/wp\/v2\/posts\/10941","targetHints":{"allow":["GET"]}}],"collection":[{"href":"https:\/\/parafiaharklowa.com\/index.php?rest_route=\/wp\/v2\/posts"}],"about":[{"href":"https:\/\/parafiaharklowa.com\/index.php?rest_route=\/wp\/v2\/types\/post"}],"author":[{"embeddable":true,"href":"https:\/\/parafiaharklowa.com\/index.php?rest_route=\/wp\/v2\/users\/1"}],"replies":[{"embeddable":true,"href":"https:\/\/parafiaharklowa.com\/index.php?rest_route=%2Fwp%2Fv2%2Fcomments&post=10941"}],"version-history":[{"count":5,"href":"https:\/\/parafiaharklowa.com\/index.php?rest_route=\/wp\/v2\/posts\/10941\/revisions"}],"predecessor-version":[{"id":10946,"href":"https:\/\/parafiaharklowa.com\/index.php?rest_route=\/wp\/v2\/posts\/10941\/revisions\/10946"}],"wp:attachment":[{"href":"https:\/\/parafiaharklowa.com\/index.php?rest_route=%2Fwp%2Fv2%2Fmedia&parent=10941"}],"wp:term":[{"taxonomy":"category","embeddable":true,"href":"https:\/\/parafiaharklowa.com\/index.php?rest_route=%2Fwp%2Fv2%2Fcategories&post=10941"},{"taxonomy":"post_tag","embeddable":true,"href":"https:\/\/parafiaharklowa.com\/index.php?rest_route=%2Fwp%2Fv2%2Ftags&post=10941"}],"curies":[{"name":"wp","href":"https:\/\/api.w.org\/{rel}","templated":true}]}}