{"id":10948,"date":"2026-08-30T00:05:12","date_gmt":"2026-08-29T22:05:12","guid":{"rendered":"http:\/\/parafiaharklowa.com\/?p=10948"},"modified":"2026-08-29T22:28:30","modified_gmt":"2026-08-29T20:28:30","slug":"intencje-mszalne-30-08-30-08-2026r","status":"publish","type":"post","link":"https:\/\/parafiaharklowa.com\/?p=10948","title":{"rendered":"Intencje mszalne \u00a030.08.\u201330.08.2026r."},"content":{"rendered":"\t\t<div data-elementor-type=\"wp-post\" data-elementor-id=\"10948\" class=\"elementor elementor-10948\">\n\t\t\t\t\t\t<section class=\"elementor-section elementor-top-section elementor-element elementor-element-68eaad0 elementor-section-boxed elementor-section-height-default elementor-section-height-default\" data-id=\"68eaad0\" data-element_type=\"section\" data-e-type=\"section\">\n\t\t\t\t\t\t<div class=\"elementor-container elementor-column-gap-default\">\n\t\t\t\t\t<div class=\"elementor-column elementor-col-100 elementor-top-column elementor-element elementor-element-8f5cbe9\" data-id=\"8f5cbe9\" data-element_type=\"column\" data-e-type=\"column\">\n\t\t\t<div class=\"elementor-widget-wrap elementor-element-populated\">\n\t\t\t\t\t\t<div class=\"elementor-element elementor-element-c4c215b elementor-widget elementor-widget-text-editor\" data-id=\"c4c215b\" data-element_type=\"widget\" data-e-type=\"widget\" data-widget_type=\"text-editor.default\">\n\t\t\t\t<div class=\"elementor-widget-container\">\n\t\t\t\t\t\t\t\t\t<p><em><strong><span style=\"color: #ff0000;\">Niedziela \u2013 30. 08.<\/span><\/strong><\/em><br \/><em><strong><span style=\"color: #ff0000;\">08:00<\/span><\/strong><\/em> + Ludwika Garlewicz \u2013 38 r. \u015bm., m\u0105\u017c J\u00f3zef<br \/><em><strong><span style=\"color: #ff0000;\">08:00<\/span><\/strong><\/em> + Barbara Buda \u2013 od Mateusza Knurowskiego<br \/><em><strong><span style=\"color: #ff0000;\">10:00<\/span><\/strong><\/em> \u2013 Msza \u015bw. dzi\u0119kczynna za \u0142aski z okazji 50 r. urodzin Wies\u0142awa Tokarczyka, z pro\u015bb\u0105 o zdrowie i opiek\u0119 Bo\u017c\u0105 na dalsze lata \u017cycia (Szlembark)<br \/><em><strong><span style=\"color: #ff0000;\">10:00<\/span><\/strong><\/em> \u2013 O zdrowie i b\u0142og. Bo\u017ce dla Gabrysi i Mateusza w 1 r. \u015blubu<br \/><em><strong><span style=\"color: #ff0000;\">10:00<\/span> <\/strong><\/em>+ Teresa Gro\u0144ska \u2013 19 r. \u015bm. i m\u0105\u017c Stanis\u0142aw \u2013 od dzieci<br \/><em><strong><span style=\"color: #ff0000;\">11:30<\/span><\/strong><\/em> \u2013 W intencji parafian<br \/><em><strong><span style=\"color: #ff0000;\">11:30<\/span><\/strong><\/em> + Jan Kowalczyk \u2013 15 r. \u015bm.<br \/><em><strong><span style=\"color: #ff0000;\">16:00<\/span><\/strong><\/em> + Jan Czyszczo\u0144 \u2013 2 r. \u015bm.<\/p><p><em><strong><span style=\"color: #ff0000;\">Poniedzia\u0142ek \u2013 31. 08.<\/span><\/strong><\/em><br \/><em><strong><span style=\"color: #ff0000;\">07:00<\/span><\/strong><\/em> + Henryk Czerenda<br \/><em><strong><span style=\"color: #ff0000;\">07:00<\/span><\/strong><\/em> + Roman Guro\u015b \u2013 od syna Jana z \u017con\u0105<br \/><em><strong><span style=\"color: #ff0000;\">18:00<\/span><\/strong><\/em> + Genowefa Gaberek \u2013 6 r. \u015bm.<br \/><em><strong><span style=\"color: #ff0000;\">18:00<\/span><\/strong><\/em> &#8211; O Bo\u017ce b\u0142ogos\u0142awie\u0144stwo, opiek\u0119 Matki Naj\u015bwi\u0119tszej i potrzebne \u0142aski na rozpoczynaj\u0105cy si\u0119 nowy rok szkolny dla dzieci i m\u0142odzie\u017cy z Harklowej i Knurowa, dla ich rodzic\u00f3w, nauczycieli, wychowawc\u00f3w, katechet\u00f3w oraz wszystkich pracownik\u00f3w naszych szk\u00f3\u0142<\/p><p><em><strong><span style=\"color: #ff0000;\">Wtorek \u2013 01. 09.<\/span><\/strong><\/em><br \/><em><strong><span style=\"color: #ff0000;\">06:30<\/span><\/strong><\/em> + Janina, Grzegorz i Miros\u0142aw Lisowicz<br \/><em><strong><span style=\"color: #ff0000;\">07:00<\/span><\/strong><\/em> + Maria Palenik \u2013 od Anny Szperlak z rodzin\u0105<br \/><em><strong><span style=\"color: #ff0000;\">08:00<\/span> <\/strong><\/em>&#8211; O Bo\u017ce b\u0142ogos\u0142awie\u0144stwo, opiek\u0119 Matki Naj\u015bwi\u0119tszej i potrzebne \u0142aski na rozpoczynaj\u0105cy si\u0119 nowy rok szkolny dla dzieci i m\u0142odzie\u017cy ze Szko\u0142y Podstawowej ze Szlembarku oraz dla ich rodzic\u00f3w, nauczycieli, wychowawc\u00f3w oraz pracownik\u00f3w szko\u0142y (Szlembark)<\/p><p><em><strong><span style=\"color: #ff0000;\">\u015aroda \u2013 02. 09.<\/span><\/strong><\/em><br \/><em><strong><span style=\"color: #ff0000;\">07:00<\/span><\/strong><\/em> + Helena Waras \u2013 od Adama<br \/><em><strong><span style=\"color: #ff0000;\">18:00<\/span><\/strong><\/em> \u2013 O zdrowie, wszelkie \u0142aski potrzebne w \u017cyciu, zachowanie od nieszcz\u0119\u015b\u0107 dla Ma\u0142gorzaty i Marka z rodzin\u0105<\/p><p><em><strong><span style=\"color: #ff0000;\">Czwartek \u2013 03. 09.<\/span><\/strong><\/em><br \/><em><strong><span style=\"color: #ff0000;\">07:00<\/span><\/strong><\/em> + J\u00f3zef Sas<br \/><em><strong><span style=\"color: #ff0000;\">18:00<\/span><\/strong><\/em> + Czes\u0142aw Maciasz \u2013 12 r. \u015bm.<\/p><p><em><strong><span style=\"color: #ff0000;\">Pi\u0105tek &#8211; 04. 09.<\/span><\/strong><\/em><br \/><em><strong><span style=\"color: #ff0000;\">07:00<\/span><\/strong><\/em> \u2013 W intencji Bogu wiadomej<br \/><em><strong><span style=\"color: #ff0000;\">07:00<\/span><\/strong><\/em> \u2013 W 15 rocznic\u0119 \u015blubu Doroty i Piotra \u2013 dzi\u0119kczynna z pro\u015bb\u0105 o zdrowie i dalsz\u0105 opiek\u0119 Bo\u017c\u0105<br \/><em><strong><span style=\"color: #ff0000;\">18:00<\/span><\/strong><\/em> + Rozalia Jurkowska<\/p><p><em><strong><span style=\"color: #ff0000;\">Sobota \u2013 05. 09.<\/span><\/strong><\/em><br \/><em><strong><span style=\"color: #ff0000;\">07:00<\/span><\/strong><\/em> + Henryk W\u0119glarz<br \/><em><strong><span style=\"color: #ff0000;\">07:00<\/span><\/strong><\/em> \u2013 O zdrowie, potrzebne \u0142aski, Bo\u017ce b\u0142og. dla nale\u017c\u0105cych do II R\u00f3\u017cy Kobiet ze Szlembarku i za zmar\u0142ych z tej R\u00f3\u017cy (Szlembark)<br \/><em><strong><span style=\"color: #ff0000;\">18:00<\/span> <\/strong><\/em>+ Za dusze w czy\u015b\u0107cu cierpi\u0105ce \u2013 od Apostolstwa Pomocy Duszom Czy\u015b\u0107cowym<\/p><p><em><strong><span style=\"color: #ff0000;\">Niedziela \u2013 06. 09.<\/span><\/strong><\/em><br \/><em><strong><span style=\"color: #ff0000;\">08:00<\/span><\/strong><\/em> + Mariusz Budz \u2013 7 r. \u015bm.<br \/><em><strong><span style=\"color: #ff0000;\">08:00<\/span><\/strong><\/em> + Anna Walasik \u2013 6 r. \u015bm.<br \/><em><strong><span style=\"color: #ff0000;\">10:00<\/span><\/strong><\/em> \u2013 Msza \u015bw. dzi\u0119kczynna z pro\u015bb\u0105 o zdrowie, b\u0142ogos\u0142. Bo\u017ce, potrzebne \u0142aski i opiek\u0119 Matki Bo\u017cej dla rodak\u00f3w, a szczeg\u00f3lnie Zwi\u0105zku Podhalan oddzia\u0142u parafii Harklowa nr 25 w Ameryce z zarz\u0105dem i prezesk\u0105 Dorot\u0105 Kruszewsk\u0105 z racji 55 rocznicy istnienia i dzia\u0142alno\u015bci (Szlembark)<br \/><em><strong><span style=\"color: #ff0000;\">10:00<\/span><\/strong><\/em> + Andrzej Har\u0119za \u2013 37 r. \u015bm., \u017cona Anna<br \/><em><strong><span style=\"color: #ff0000;\">11:30<\/span><\/strong><\/em> \u2013 W intencji parafian<br \/><em><strong><span style=\"color: #ff0000;\">11:30<\/span><\/strong><\/em> + Kazimierz Kowalczyk \u2013 5 r. \u015bm.<br \/><em><strong><span style=\"color: #ff0000;\">16:00<\/span><\/strong><\/em> \u2013 W intencji Dawida Solany z okazji 18 r. urodzin, z podzi\u0119kowaniem za otrzymane \u0142aski i z pro\u015bb\u0105 o zdrowie, b\u0142ogos\u0142. Bo\u017ce oraz opiek\u0119 Matki Bo\u017cej na dalsze lata \u017cycia<\/p>\t\t\t\t\t\t\t\t<\/div>\n\t\t\t\t<\/div>\n\t\t\t\t\t<\/div>\n\t\t<\/div>\n\t\t\t\t\t<\/div>\n\t\t<\/section>\n\t\t\t\t<\/div>\n\t\t","protected":false},"excerpt":{"rendered":"<p><em><strong><span style=\"color: #ff0000;\">Niedziela \u2013 30. 08.<\/span><\/strong><\/em><br \/>\n<em><strong><span style=\"color: #ff0000;\">08:00<\/span><\/strong><\/em> + Ludwika Garlewicz \u2013 38 r. \u015bm., m\u0105\u017c J\u00f3zef<br \/>\n<em><strong><span style=\"color: #ff0000;\">08:00<\/span><\/strong><\/em> + Barbara Buda \u2013 od Mateusza Knurowskiego<br \/>\n<em><strong><span style=\"color: #ff0000;\">10:00<\/span><\/strong><\/em> \u2013 Msza \u015bw. dzi\u0119kczynna za \u0142aski z okazji 50 r. urodzin Wies\u0142awa Tokarczyka, z pro\u015bb\u0105 o zdrowie i opiek\u0119 Bo\u017c\u0105 na dalsze lata \u017cycia (Szlembark)<br \/>\n<em><strong><span style=\"color: #ff0000;\">10:00<\/span><\/strong><\/em> \u2013 O zdrowie i b\u0142og. Bo\u017ce dla Gabrysi i Mateusza w 1 r. \u015blubu<br \/>\n<em><strong><span style=\"color: #ff0000;\">10:00<\/span> <\/strong><\/em>+ Teresa Gro\u0144ska \u2013 19 r. \u015bm. i m\u0105\u017c Stanis\u0142aw \u2013 od dzieci<br \/>\n<em><strong><span style=\"color: #ff0000;\">11:30<\/span><\/strong><\/em> \u2013 W intencji parafian<br \/>\n<em><strong><span style=\"color: #ff0000;\">11:30<\/span><\/strong><\/em> + Jan Kowalczyk \u2013 15 r. \u015bm.<br \/>\n<em><strong><span style=\"color: #ff0000;\">16:00<\/span><\/strong><\/em> + Jan Czyszczo\u0144 \u2013 2 r. \u015bm.<\/p>\n<p><em><strong><span style=\"color: #ff0000;\">Poniedzia\u0142ek \u2013 31. 08.<\/span><\/strong><\/em><br \/>\n<em><strong><span style=\"color: #ff0000;\">07:00<\/span><\/strong><\/em> + Henryk Czerenda<br \/>\n<em><strong><span style=\"color: #ff0000;\">07:00<\/span><\/strong><\/em> + Roman Guro\u015b \u2013 od syna Jana z \u017con\u0105<br \/>\n<em><strong><span style=\"color: #ff0000;\">18:00<\/span><\/strong><\/em> + Genowefa Gaberek \u2013 6 r. \u015bm.<br \/>\n<em><strong><span style=\"color: #ff0000;\">18:00<\/span><\/strong><\/em> &#8211; O Bo\u017ce b\u0142ogos\u0142awie\u0144stwo, opiek\u0119 Matki Naj\u015bwi\u0119tszej i potrzebne \u0142aski na rozpoczynaj\u0105cy si\u0119 nowy rok szkolny dla dzieci i m\u0142odzie\u017cy z Harklowej i Knurowa, dla ich rodzic\u00f3w, nauczycieli, wychowawc\u00f3w, katechet\u00f3w oraz wszystkich pracownik\u00f3w naszych szk\u00f3\u0142<\/p>\n<p><em><strong><span style=\"color: #ff0000;\">Wtorek \u2013 01. 09.<\/span><\/strong><\/em><br \/>\n<em><strong><span style=\"color: #ff0000;\">06:30<\/span><\/strong><\/em> + Janina, Grzegorz i Miros\u0142aw Lisowicz<br \/>\n<em><strong><span style=\"color: #ff0000;\">07:00<\/span><\/strong><\/em> + Maria Palenik \u2013 od Anny Szperlak z rodzin\u0105<br \/>\n<em><strong><span style=\"color: #ff0000;\">08:00<\/span> <\/strong><\/em>&#8211; O Bo\u017ce b\u0142ogos\u0142awie\u0144stwo, opiek\u0119 Matki Naj\u015bwi\u0119tszej i potrzebne \u0142aski na rozpoczynaj\u0105cy si\u0119 nowy rok szkolny dla dzieci i m\u0142odzie\u017cy ze Szko\u0142y Podstawowej ze Szlembarku oraz dla ich rodzic\u00f3w, nauczycieli, wychowawc\u00f3w oraz pracownik\u00f3w szko\u0142y (Szlembark)<\/p>\n","protected":false},"author":1,"featured_media":0,"comment_status":"closed","ping_status":"closed","sticky":true,"template":"","format":"standard","meta":{"ngg_post_thumbnail":0,"footnotes":""},"categories":[8],"tags":[],"class_list":["post-10948","post","type-post","status-publish","format-standard","hentry","category-intencje-mszalne"],"_links":{"self":[{"href":"https:\/\/parafiaharklowa.com\/index.php?rest_route=\/wp\/v2\/posts\/10948","targetHints":{"allow":["GET"]}}],"collection":[{"href":"https:\/\/parafiaharklowa.com\/index.php?rest_route=\/wp\/v2\/posts"}],"about":[{"href":"https:\/\/parafiaharklowa.com\/index.php?rest_route=\/wp\/v2\/types\/post"}],"author":[{"embeddable":true,"href":"https:\/\/parafiaharklowa.com\/index.php?rest_route=\/wp\/v2\/users\/1"}],"replies":[{"embeddable":true,"href":"https:\/\/parafiaharklowa.com\/index.php?rest_route=%2Fwp%2Fv2%2Fcomments&post=10948"}],"version-history":[{"count":8,"href":"https:\/\/parafiaharklowa.com\/index.php?rest_route=\/wp\/v2\/posts\/10948\/revisions"}],"predecessor-version":[{"id":10957,"href":"https:\/\/parafiaharklowa.com\/index.php?rest_route=\/wp\/v2\/posts\/10948\/revisions\/10957"}],"wp:attachment":[{"href":"https:\/\/parafiaharklowa.com\/index.php?rest_route=%2Fwp%2Fv2%2Fmedia&parent=10948"}],"wp:term":[{"taxonomy":"category","embeddable":true,"href":"https:\/\/parafiaharklowa.com\/index.php?rest_route=%2Fwp%2Fv2%2Fcategories&post=10948"},{"taxonomy":"post_tag","embeddable":true,"href":"https:\/\/parafiaharklowa.com\/index.php?rest_route=%2Fwp%2Fv2%2Ftags&post=10948"}],"curies":[{"name":"wp","href":"https:\/\/api.w.org\/{rel}","templated":true}]}}