{"id":10958,"date":"2026-08-30T00:10:25","date_gmt":"2026-08-29T22:10:25","guid":{"rendered":"http:\/\/parafiaharklowa.com\/?p=10958"},"modified":"2026-08-29T22:55:01","modified_gmt":"2026-08-29T20:55:01","slug":"ogloszenia-parafialne-30-09-2026r","status":"publish","type":"post","link":"https:\/\/parafiaharklowa.com\/?p=10958","title":{"rendered":"Og\u0142oszenia\u00a0 parafialne &#8211; 30.09.2026r."},"content":{"rendered":"\t\t<div data-elementor-type=\"wp-post\" data-elementor-id=\"10958\" class=\"elementor elementor-10958\">\n\t\t\t\t\t\t<section class=\"elementor-section elementor-top-section elementor-element elementor-element-0ebfab8 elementor-section-boxed elementor-section-height-default elementor-section-height-default\" data-id=\"0ebfab8\" data-element_type=\"section\" data-e-type=\"section\">\n\t\t\t\t\t\t<div class=\"elementor-container elementor-column-gap-default\">\n\t\t\t\t\t<div class=\"elementor-column elementor-col-100 elementor-top-column elementor-element elementor-element-65aae35\" data-id=\"65aae35\" data-element_type=\"column\" data-e-type=\"column\">\n\t\t\t<div class=\"elementor-widget-wrap elementor-element-populated\">\n\t\t\t\t\t\t<div class=\"elementor-element elementor-element-6456ed9 elementor-widget elementor-widget-text-editor\" data-id=\"6456ed9\" data-element_type=\"widget\" data-e-type=\"widget\" data-widget_type=\"text-editor.default\">\n\t\t\t\t<div class=\"elementor-widget-container\">\n\t\t\t\t\t\t\t\t\t<p>1. <em><strong><span style=\"color: #ff0000;\">P<\/span><\/strong><strong><span style=\"color: #ff0000;\">rze\u017cywamy dzi\u015b 22 Niedziel\u0119 Zwyk\u0142\u0105.<\/span><\/strong><\/em> Msze \u015bwi\u0119te b\u0119d\u0105 odprawiane: w Harklowej: o godz. 08:00, 11:30 i 16:00, w Szlembarku o godz. 10:00.<\/p><p>2. <em><strong><span style=\"color: #ff0000;\">W kalendarzu liturgicznym<\/span> <\/strong><\/em>w tym tygodniu obchodzimy:<br \/>&#8211; <span style=\"color: #ff0000;\">we wtorek (1 wrze\u015bnia)<\/span> \u2013 wspomnienie \u015bw. Bronis\u0142awy, dziewicy;<br \/>&#8211; <span style=\"color: #ff0000;\">w czwartek (3 wrze\u015bnia)<\/span> \u2013 wspomnienie \u015bw. Grzegorza Wielkiego, papie\u017ca i doktora Ko\u015bcio\u0142a;<\/p><p>3. <em><strong><span style=\"color: #ff0000;\">We wtorek 1 wrze\u015bnia<\/span> <\/strong><\/em>rozpoczyna si\u0119 nowy rok szkolny i katechetyczny. Dyrekcja oraz Grono pedagogiczne ze Szko\u0142y Podstawowej w Harklowej zapraszaj\u0105 na rozpocz\u0119cie roku szkolnego, kt\u00f3re odb\u0119dzie si\u0119 o godzinie 08:00 w Krempachach. Dzieci i m\u0142odzie\u017c wraz z rodzicami zapraszamy na Msze \u015bwi\u0119te, by podzi\u0119kowa\u0107 Panu Bogu za czas wakacji i prosi\u0107 o Jego opiek\u0119 nad nami w nowym roku szkolnym. Msze \u015bwi\u0119te odprawiane b\u0119d\u0105:<br \/>&#8211; <span style=\"color: #ff0000;\">w ko\u015bciele w Harklowej:<\/span> dla uczni\u00f3w ze szk\u00f3\u0142 z Harklowej i Knurowa &#8211; w poniedzia\u0142ek, o godz. 18:00;<br \/>&#8211; <span style=\"color: #ff0000;\">w ko\u015bciele w Szlembarku:<\/span> dla uczni\u00f3w ze szko\u0142y podstawowej ze Szlembarku &#8211; we wtorek o godz. 08:00;<\/p><p>4. <em><strong><span style=\"color: #ff0000;\">Spowied\u017a<\/span> <\/strong><\/em>przed rozpocz\u0119ciem roku szkolnego b\u0119dzie w poniedzia\u0142ek:<br \/>&#8211; <span style=\"color: #ff0000;\">w Szlembarku:<\/span> od godz. 15:30 do 16:30;<br \/>&#8211; <span style=\"color: #ff0000;\">w Harklowej:<\/span> od godz. 17:00 do 18:00;<\/p><p>5. <em><strong><span style=\"color: #ff0000;\">W tym tygodniu wypada<\/span> <\/strong><\/em>pierwszy czwartek, pi\u0105tek i pierwsza sobota miesi\u0105ca.<\/p><p>6. <em><strong><span style=\"color: #ff0000;\">Okazja do spowiedzi<\/span> <\/strong><\/em>przed odpustem:<br \/><em><strong><span style=\"color: #ff0000;\">w pierwszy czwartek:<\/span><\/strong><\/em><br \/>&#8211; <span style=\"color: #ff0000;\">w Szlembarku<\/span> \u2013 od godz.15:30 do 16:30,<br \/>&#8211; <span style=\"color: #ff0000;\">w Harklowej<\/span> \u2013 od godz. 17:00 do 18:00.<br \/><em><strong><span style=\"color: #ff0000;\">w pierwszy pi\u0105tek:<\/span><\/strong><\/em><br \/>&#8211; <span style=\"color: #ff0000;\">w Harklowej<\/span> \u2013 od godz. 16:30 do 18:00.<\/p><p>7.<em><strong><span style=\"color: #ff0000;\"> Pierwsza sobota miesi\u0105ca<\/span><\/strong><\/em>. W naszej parafii odmawiany jest ca\u0142y r\u00f3\u017caniec:<br \/>&#8211; <span style=\"color: #ff0000;\">w Harklowej<\/span> \u2013 I i II cz\u0119\u015b\u0107;<br \/>&#8211; <span style=\"color: #ff0000;\">w Knurowie<\/span> &#8211; III cz\u0119\u015b\u0107;<br \/>&#8211; <span style=\"color: #ff0000;\">w Szlembarku<\/span> \u2013 IV cz\u0119\u015b\u0107;<\/p><p>8. <em><strong><span style=\"color: #ff0000;\">W sobot\u0119<\/span> <\/strong><\/em>wyjazd do chorych. Zwracam si\u0119 z pro\u015bb\u0105 o pojazdy:<br \/>&#8211; <span style=\"color: #ff0000;\">do Szlembarku<\/span> &#8211; o godz. 09:00 (z pod ko\u015bcio\u0142a w Harklowej);<br \/>&#8211; <span style=\"color: #ff0000;\">do Knurowa<\/span> &#8211; o godz. 09:30 (z pod ko\u015bcio\u0142a w Szlembarku);<br \/>&#8211; <span style=\"color: #ff0000;\">do Harklowej<\/span> &#8211; o godz. 10:30 (z pod plebanii w Harklowej);<\/p><p>9. <em><strong><span style=\"color: #ff0000;\">W czwartek o godz. 18:30<\/span><\/strong><\/em> obowi\u0105zkowa zbi\u00f3rka ministrant\u00f3w i lektor\u00f3w.<\/p><p>10. <em><strong><span style=\"color: #ff0000;\">W sobot\u0119 o godz. 14:00<\/span> <\/strong><\/em>spotkanie dziewczynek ze scholii.<\/p><p>11. <em><strong><span style=\"color: #ff0000;\">W przysz\u0142\u0105 niedziel\u0119<\/span><\/strong><\/em> w naszej parafii prze\u017cywa\u0107 b\u0119dziemy Uroczysto\u015b\u0107 Odpustow\u0105. Msze \u015bwi\u0119te b\u0119d\u0105 odprawiane: w Harklowej &#8211; o godz. 08:00, 11:30 (Suma odpustowa) i o godz. 16:00, w Szlembarku o godz. 10:00. Sumie przewodniczy\u0142 b\u0119dzie i kazanie wyg\u0142osi ks. Robert M\u0142ynarczyk, rektor ko\u015bcio\u0142a Matki Bo\u017cej R\u00f3\u017ca\u0144cowej w Mizernej. Na Uroczysto\u015b\u0107 odpustow\u0105 prosimy o udekorowanie feretron\u00f3w oraz przygotowanie chor\u0105gwi na procesj\u0119. W odpust zapraszamy parafian ze wszystkich trzech wiosek. Dla u\u015bwietnienia naszej uroczysto\u015bci na Msze \u015bwi\u0119te ubierzmy si\u0119 stroje regionalne. Do udzia\u0142u w sumie odpustowej zapraszamy wszystkie grupy dzia\u0142aj\u0105ce na terenie parafii: Rad\u0119 Parafialn\u0105, ministrant\u00f3w, lektor\u00f3w, schol\u0119, dzieci sypi\u0105ce kwiaty, dzieci pierwszokomunijne ubrane na bia\u0142o, Pan\u00f3w Stra\u017cak\u00f3w i Zwi\u0105zek Podhalan z pocztami sztandarowymi, Panie z R\u00f3\u017c R\u00f3\u017ca\u0144cowych, Apostolstwa Pomocy Duszom Czy\u015b\u0107cowym, Margaretki, Panie z Ko\u0142a Gospody\u0144 Wiejskich. Je\u015bli b\u0119dzie pogoda to suma b\u0119dzie odprawiana przy o\u0142tarzu na zewn\u0105trz ko\u015bcio\u0142a.<\/p><p>12. <em><strong><span style=\"color: #ff0000;\">Modlitw\u0119 r\u00f3\u017ca\u0144cow\u0105<\/span> <\/strong><\/em>poprowadzi w przysz\u0142\u0105 niedziel\u0119 II R\u00f3\u017ca Kobiet ze Szlembarku.<\/p><p>13. <em><strong><span style=\"color: #ff0000;\">B\u00f3g zap\u0142a\u0107<\/span><\/strong><\/em> za trosk\u0119 o czysto\u015b\u0107 ko\u015bcio\u0142a, posprz\u0105tanie terenu wok\u00f3\u0142 \u015bwi\u0105tyni oraz ofiar\u0119 na kwiaty mieszka\u0144com Harklowej z ul. B\u00f3r 3, 12, 1F, z ul. Nowotarskiej 110 i z ul. Podhala\u0144skiej 77. Na przysz\u0142y tydzie\u0144 o t\u0119 pos\u0142ug\u0119 przed Uroczysto\u015bci\u0105 Odpustow\u0105 prosimy mieszka\u0144c\u00f3w Knurowa z ul. D\u0142ugiej od Szko\u0142y do numeru 50.<br \/><br \/>14. <em><strong><span style=\"color: #ff0000;\">W najnowszym Go\u015bciu Niedzielnym<\/span><\/strong><\/em> warto przeczyta\u0107 artyku\u0142y: \u201eWielki znak\u201d, o wielkiej maj\u0105cej ponad 55 m figurze Matki Bo\u017cej Mi\u0142osiernej w Konotopiu oraz \u201eG\u00f3ralski Vianney\u201d, o proboszczu z Sidziny, kt\u00f3ry wybudowa\u0142 ko\u015bci\u00f3\u0142 w Chocho\u0142owie. Jest r\u00f3wnie\u017c do nabycia Ma\u0142y Go\u015b\u0107 Niedzielny i Sta\u015b dla najm\u0142odszych.<\/p><p>15. <em><strong><span style=\"color: #ff0000;\">Msze \u015bwi\u0119te w tym tygodniu<\/span><\/strong><\/em> b\u0119d\u0105 odprawiane:<br \/><em><strong><span style=\"color: #ff0000;\">w Harklowej:<\/span><\/strong><\/em><br \/>&#8211; <span style=\"color: #ff0000;\">w poniedzia\u0142ek<\/span> \u2013 o godz. 07:00 i 18:00 (Na rozpocz\u0119cie nowego roku szkolnego),<br \/>&#8211; <span style=\"color: #ff0000;\">we wtorek<\/span> \u2013 o godz. 06:30 i 07:00<br \/>&#8211; <span style=\"color: #ff0000;\">w \u015brod\u0119, czwartek, pi\u0105tek i w sobot\u0119<\/span> \u2013 o godz. 07:00 i 18:00;<br \/><em><strong><span style=\"color: #ff0000;\">w Szlembarku:<\/span><\/strong><\/em><br \/>&#8211; <span style=\"color: #ff0000;\">we wtorek<\/span> \u2013 o godz. 08:00 (Na rozpocz\u0119cie nowego roku szkolnego)<br \/>&#8211; <span style=\"color: #ff0000;\">w pi\u0105tek i w sobot\u0119<\/span> \u2013 o godz. 07:00<br \/>&#8211; <span style=\"color: #ff0000;\">w niedziel\u0119<\/span> \u2013 o godz. 10:00<\/p>\t\t\t\t\t\t\t\t<\/div>\n\t\t\t\t<\/div>\n\t\t\t\t\t<\/div>\n\t\t<\/div>\n\t\t\t\t\t<\/div>\n\t\t<\/section>\n\t\t\t\t<\/div>\n\t\t","protected":false},"excerpt":{"rendered":"<p>1. <em><strong><span style=\"color: #ff0000;\">P<\/span><\/strong><strong><span style=\"color: #ff0000;\">rze\u017cywamy dzi\u015b 22 Niedziel\u0119 Zwyk\u0142\u0105.<\/span><\/strong><\/em> Msze \u015bwi\u0119te b\u0119d\u0105 odprawiane: w Harklowej: o godz. 08:00, 11:30 i 16:00, w Szlembarku o godz. 10:00.<\/p>\n<p>2. <em><strong><span style=\"color: #ff0000;\">W kalendarzu liturgicznym<\/span> <\/strong><\/em>w tym tygodniu obchodzimy:<br \/>\n&#8211; <span style=\"color: #ff0000;\">we wtorek (1 wrze\u015bnia)<\/span> \u2013 wspomnienie \u015bw. Bronis\u0142awy, dziewicy;<br \/>\n&#8211; <span style=\"color: #ff0000;\">w czwartek (3 wrze\u015bnia)<\/span> \u2013 wspomnienie \u015bw. Grzegorza Wielkiego, papie\u017ca i doktora Ko\u015bcio\u0142a;<\/p>\n<p>3. <em><strong><span style=\"color: #ff0000;\">We wtorek 1 wrze\u015bnia<\/span> <\/strong><\/em>rozpoczyna si\u0119 nowy rok szkolny i katechetyczny. Dyrekcja oraz Grono pedagogiczne ze Szko\u0142y Podstawowej w Harklowej zapraszaj\u0105 na rozpocz\u0119cie roku szkolnego, kt\u00f3re odb\u0119dzie si\u0119 o godzinie 08:00 w Krempachach. Dzieci i m\u0142odzie\u017c wraz z rodzicami zapraszamy na Msze \u015bwi\u0119te, by podzi\u0119kowa\u0107 Panu Bogu za czas wakacji i prosi\u0107 o Jego opiek\u0119 nad nami w nowym roku szkolnym. Msze \u015bwi\u0119te odprawiane b\u0119d\u0105:<br \/>\n&#8211; <span style=\"color: #ff0000;\">w ko\u015bciele w Harklowej:<\/span> dla uczni\u00f3w ze szk\u00f3\u0142 z Harklowej i Knurowa &#8211; w poniedzia\u0142ek, o godz. 18:00;<br \/>\n&#8211; <span style=\"color: #ff0000;\">w ko\u015bciele w Szlembarku:<\/span> dla uczni\u00f3w ze szko\u0142y podstawowej ze Szlembarku &#8211; we wtorek o godz. 08:00;<\/p>\n<p>4. <em><strong><span style=\"color: #ff0000;\">Spowied\u017a<\/span> <\/strong><\/em>przed rozpocz\u0119ciem roku szkolnego b\u0119dzie w poniedzia\u0142ek:<br \/>\n&#8211; <span style=\"color: #ff0000;\">w Szlembarku:<\/span> od godz. 15:30 do 16:30;<br \/>\n&#8211; <span style=\"color: #ff0000;\">w Harklowej:<\/span> od godz. 17:00 do 18:00;<\/p>\n","protected":false},"author":1,"featured_media":0,"comment_status":"closed","ping_status":"closed","sticky":true,"template":"","format":"standard","meta":{"ngg_post_thumbnail":0,"footnotes":""},"categories":[7],"tags":[],"class_list":["post-10958","post","type-post","status-publish","format-standard","hentry","category-ogloszenia-parafialne"],"_links":{"self":[{"href":"https:\/\/parafiaharklowa.com\/index.php?rest_route=\/wp\/v2\/posts\/10958","targetHints":{"allow":["GET"]}}],"collection":[{"href":"https:\/\/parafiaharklowa.com\/index.php?rest_route=\/wp\/v2\/posts"}],"about":[{"href":"https:\/\/parafiaharklowa.com\/index.php?rest_route=\/wp\/v2\/types\/post"}],"author":[{"embeddable":true,"href":"https:\/\/parafiaharklowa.com\/index.php?rest_route=\/wp\/v2\/users\/1"}],"replies":[{"embeddable":true,"href":"https:\/\/parafiaharklowa.com\/index.php?rest_route=%2Fwp%2Fv2%2Fcomments&post=10958"}],"version-history":[{"count":14,"href":"https:\/\/parafiaharklowa.com\/index.php?rest_route=\/wp\/v2\/posts\/10958\/revisions"}],"predecessor-version":[{"id":10972,"href":"https:\/\/parafiaharklowa.com\/index.php?rest_route=\/wp\/v2\/posts\/10958\/revisions\/10972"}],"wp:attachment":[{"href":"https:\/\/parafiaharklowa.com\/index.php?rest_route=%2Fwp%2Fv2%2Fmedia&parent=10958"}],"wp:term":[{"taxonomy":"category","embeddable":true,"href":"https:\/\/parafiaharklowa.com\/index.php?rest_route=%2Fwp%2Fv2%2Fcategories&post=10958"},{"taxonomy":"post_tag","embeddable":true,"href":"https:\/\/parafiaharklowa.com\/index.php?rest_route=%2Fwp%2Fv2%2Ftags&post=10958"}],"curies":[{"name":"wp","href":"https:\/\/api.w.org\/{rel}","templated":true}]}}